{"id":20968,"date":"2025-05-26T22:24:51","date_gmt":"2025-05-26T22:24:51","guid":{"rendered":"https:\/\/www.truewayist.com\/?p=20968"},"modified":"2025-05-26T22:24:52","modified_gmt":"2025-05-26T22:24:52","slug":"italyada-tasarim-ve-moda-okullari","status":"publish","type":"post","link":"https:\/\/www.truewayist.com\/eski\/italyada-tasarim-ve-moda-okullari\/","title":{"rendered":"\u0130talya&#8217;da Tasar\u0131m ve Moda Okullar\u0131"},"content":{"rendered":"\n<p>Tasar\u0131m ve modan\u0131n evrensel dili, ku\u015fkusuz \u0130talya\u2019da en zarif ve g\u00fc\u00e7l\u00fc haliyle konu\u015fulur. Floransa&#8217;n\u0131n tarih kokan at\u00f6lyeleri, Milano&#8217;nun podyumlar\u0131, Roma&#8217;n\u0131n zarafeti\u2026 Y\u00fczy\u0131llard\u0131r sanat\u0131, k\u00fclt\u00fcr\u00fc ve estetik anlay\u0131\u015f\u0131yla d\u00fcnyaya y\u00f6n veren bu \u00fclke, tasar\u0131m ve moda e\u011fitimi i\u00e7in bir cazibe merkezidir. Ancak \u0130talya\u2019da moda okumak sadece bir okuldan diploma almak de\u011fildir; bu, ayn\u0131 zamanda bir ya\u015fam tarz\u0131n\u0131 benimsemek, sanat\u0131 solumak ve kreatif vizyonunu uluslararas\u0131 alanda geli\u015ftirmektir.<\/p>\n\n\n\n<p>Peki neden \u0130talya\u2019da moda e\u011fitimi almal\u0131s\u0131n\u0131z? Hangi okullar bu alanda \u00f6ne \u00e7\u0131k\u0131yor? E\u011fitim sistemi, ba\u015fvuru s\u00fcre\u00e7leri ve kariyer f\u0131rsatlar\u0131 neler? T\u00fcm bu sorulara detayl\u0131 ve \u00f6zg\u00fcn yan\u0131tlar\u0131, a\u015fa\u011f\u0131daki ba\u015fl\u0131klarda bulabilirsiniz.<\/p>\n\n\n\n<h2 class=\"wp-block-heading\">1. <strong>Neden \u0130talya\u2019da Moda ve Tasar\u0131m E\u011fitimi Almal\u0131s\u0131n\u0131z?<\/strong><\/h2>\n\n\n\n<p>\u0130talya, modan\u0131n sadece \u00fcretildi\u011fi de\u011fil, ayn\u0131 zamanda do\u011fdu\u011fu ve s\u00fcrekli yeniden tan\u0131mland\u0131\u011f\u0131 bir \u00fclkedir. Bu nedenle, burada al\u0131nacak bir e\u011fitim, \u00f6\u011frencinin sadece teknik becerilerini de\u011fil, ayn\u0131 zamanda estetik alg\u0131s\u0131n\u0131, sanatsal duyarl\u0131l\u0131\u011f\u0131n\u0131 ve yarat\u0131c\u0131 bak\u0131\u015f a\u00e7\u0131s\u0131n\u0131 da geli\u015ftirir.<\/p>\n\n\n\n<p><strong>Avantajlar\u0131:<\/strong><\/p>\n\n\n\n<ul class=\"wp-block-list\">\n<li><strong>Moda k\u00fclt\u00fcr\u00fcn\u00fcn merkezinde olmak:<\/strong> Milano, Paris ile birlikte d\u00fcnyan\u0131n moda ba\u015fkentlerinden biridir. Her y\u0131l d\u00fczenlenen Milano Moda Haftas\u0131, sekt\u00f6r\u00fc belirleyen markalar\u0131n vitrine \u00e7\u0131kt\u0131\u011f\u0131 bir etkinliktir.<\/li>\n\n\n\n<li><strong>Tarihi ve \u00e7a\u011fda\u015f tasar\u0131m\u0131n harman\u0131:<\/strong> Floransa, Venedik ve Roma gibi \u015fehirler, ge\u00e7mi\u015fin sanatsal miras\u0131yla g\u00fcn\u00fcm\u00fcz\u00fcn modern \u00e7izgilerini bulu\u015fturan e\u011fitim ortamlar\u0131na sahiptir.<\/li>\n\n\n\n<li><strong>Uygulamal\u0131 e\u011fitim modeli:<\/strong> At\u00f6lye \u00e7al\u0131\u015fmalar\u0131, ger\u00e7ek moda \u015fovlar\u0131, staj programlar\u0131 ve tasar\u0131m yar\u0131\u015fmalar\u0131, teorik bilginin prati\u011fe d\u00f6n\u00fc\u015fmesini sa\u011flar.<\/li>\n<\/ul>\n\n\n\n<p>K\u0131sacas\u0131 \u0130talya\u2019da e\u011fitim almak; bir tasar\u0131mc\u0131 ya da moda profesyoneli olarak yaln\u0131zca yetkin de\u011fil, ayn\u0131 zamanda vizyon sahibi olman\u0131z\u0131 da garanti eder.<\/p>\n\n\n\n<h2 class=\"wp-block-heading\">2. <strong>\u0130talya\u2019daki En Prestijli Moda ve Tasar\u0131m Okullar\u0131<\/strong><\/h2>\n\n\n\n<p>\u0130talya, d\u00fcnya \u00e7ap\u0131nda tan\u0131nan ve sayg\u0131 duyulan bir\u00e7ok tasar\u0131m okuluna ev sahipli\u011fi yapar. Bu okullar, yaln\u0131zca e\u011fitim kalitesiyle de\u011fil, ayn\u0131 zamanda mezunlar\u0131n\u0131n sekt\u00f6rdeki ba\u015far\u0131lar\u0131yla da \u00f6ne \u00e7\u0131kar.<\/p>\n\n\n\n<h3 class=\"wp-block-heading\">\u0130\u015fte \u00f6ne \u00e7\u0131kan baz\u0131 \u0130talyan tasar\u0131m ve moda okullar\u0131:<\/h3>\n\n\n\n<p><strong>1. Istituto Marangoni \u2013 Milano, Floransa, Paris, Londra<\/strong><\/p>\n\n\n\n<ul class=\"wp-block-list\">\n<li>\u0130talya\u2019n\u0131n en k\u00f6kl\u00fc ve uluslararas\u0131 \u00f6\u011frencilerce tercih edilen moda okullar\u0131ndan biridir.<\/li>\n\n\n\n<li>Moda tasar\u0131m\u0131, stilistlik, moda y\u00f6netimi ve l\u00fcks marka y\u00f6netimi alanlar\u0131nda geni\u015f program se\u00e7enekleri sunar.<\/li>\n\n\n\n<li>Mezunlar\u0131 aras\u0131nda Moschino gibi dev markalar\u0131n tasar\u0131mc\u0131lar\u0131 yer al\u0131r.<\/li>\n<\/ul>\n\n\n\n<p><strong>2. Politecnico di Milano \u2013 Milano<\/strong><\/p>\n\n\n\n<ul class=\"wp-block-list\">\n<li>Daha \u00e7ok end\u00fcstriyel tasar\u0131m ve moda m\u00fchendisli\u011fi alan\u0131nda g\u00fc\u00e7l\u00fcd\u00fcr.<\/li>\n\n\n\n<li>Moda teknolojileri, s\u00fcrd\u00fcr\u00fclebilir \u00fcretim ve inovatif tekstil \u00e7al\u0131\u015fmalar\u0131 ile \u00f6ne \u00e7\u0131kar.<\/li>\n\n\n\n<li>Devlet \u00fcniversitesi oldu\u011fundan, y\u0131ll\u0131k har\u00e7 \u00fccretleri \u00f6zel okullara k\u0131yasla daha uygundur.<\/li>\n<\/ul>\n\n\n\n<p><strong>3. Domus Academy \u2013 Milano<\/strong><\/p>\n\n\n\n<ul class=\"wp-block-list\">\n<li>Y\u00fcksek lisans programlar\u0131yla \u00f6ne \u00e7\u0131kar.<\/li>\n\n\n\n<li>\u201cProject-based learning\u201d yakla\u015f\u0131m\u0131 ile \u00f6\u011frencileri ger\u00e7ek moda markalar\u0131yla i\u015fbirli\u011fi i\u00e7inde \u00e7al\u0131\u015ft\u0131r\u0131r.<\/li>\n\n\n\n<li>Gucci, Versace, Nike gibi global markalarla proje i\u015f birlikleri ger\u00e7ekle\u015ftirir.<\/li>\n<\/ul>\n\n\n\n<p><strong>4. NABA (Nuova Accademia di Belle Arti) \u2013 Milano, Roma<\/strong><\/p>\n\n\n\n<ul class=\"wp-block-list\">\n<li>G\u00f6rsel sanatlar, moda tasar\u0131m\u0131 ve grafik tasar\u0131m alan\u0131nda \u00e7e\u015fitlilik sunar.<\/li>\n\n\n\n<li>\u00d6\u011frencilerine \u00f6zg\u00fcn koleksiyonlar yaratma imk\u00e2n\u0131 verir.<\/li>\n\n\n\n<li>Uluslararas\u0131 \u00f6\u011frenci kabul oran\u0131 y\u00fcksektir ve \u0130ngilizce program se\u00e7enekleri mevcuttur.<\/li>\n<\/ul>\n\n\n\n<p><strong>5. Accademia Costume &amp; Moda \u2013 Roma<\/strong><\/p>\n\n\n\n<ul class=\"wp-block-list\">\n<li>Daha \u00e7ok kost\u00fcm tasar\u0131m\u0131, sinema ve sahne giyimi alan\u0131nda uzmanla\u015fm\u0131\u015ft\u0131r.<\/li>\n\n\n\n<li>\u0130talyan sinemas\u0131n\u0131n moda miras\u0131n\u0131 ya\u015fat\u0131r.<\/li>\n\n\n\n<li>Costume Design alan\u0131nda Avrupa\u2019n\u0131n en prestijli kurumlar\u0131ndan biridir.<\/li>\n<\/ul>\n\n\n\n<h2 class=\"wp-block-heading\">3. <strong>E\u011fitim S\u00fcreci ve Program Yap\u0131s\u0131: Sadece Moda De\u011fil, Bir Sanat Anlay\u0131\u015f\u0131<\/strong><\/h2>\n\n\n\n<p>\u0130talya\u2019daki moda ve tasar\u0131m programlar\u0131; teoriyi prati\u011fe entegre eden, bireysel yarat\u0131c\u0131l\u0131\u011f\u0131 \u00f6n plana \u00e7\u0131karan, multidisipliner bir yap\u0131ya sahiptir. \u00d6\u011frenciler, sadece moda \u00e7izimi ya da diki\u015f de\u011fil; tarih, k\u00fclt\u00fcr, pazarlama, i\u015f geli\u015ftirme gibi konularda da bilgi sahibi olurlar.<\/p>\n\n\n\n<h3 class=\"wp-block-heading\">E\u011fitim sisteminin temel \u00f6zellikleri:<\/h3>\n\n\n\n<ul class=\"wp-block-list\">\n<li><strong>Lisans programlar\u0131 genellikle 3 y\u0131l s\u00fcrer.<\/strong><\/li>\n\n\n\n<li><strong>\u0130ngilizce veya \u0130talyanca e\u011fitim se\u00e7enekleri bulunur.<\/strong><\/li>\n\n\n\n<li><strong>Stajlar ve sekt\u00f6rel projeler zorunludur.<\/strong><\/li>\n\n\n\n<li>\u00d6\u011frenciler, kendi koleksiyonlar\u0131n\u0131 tasarlay\u0131p defilelerde sunma f\u0131rsat\u0131 yakalar.<\/li>\n\n\n\n<li>G\u00fcncel konular (s\u00fcrd\u00fcr\u00fclebilir moda, dijital tekstil, 3D bask\u0131 vb.) ders m\u00fcfredat\u0131na entegre edilmi\u015ftir.<\/li>\n<\/ul>\n\n\n\n<p>Bu sistem, \u00f6\u011frencinin hem yarat\u0131c\u0131 hem de profesyonel bir moda tasar\u0131mc\u0131s\u0131 olarak geli\u015fmesini sa\u011flar.<\/p>\n\n\n\n<h2 class=\"wp-block-heading\">4. <strong>Ba\u015fvuru S\u00fcreci ve Gereklilikler<\/strong><\/h2>\n\n\n\n<p>\u0130talya\u2019da bir tasar\u0131m ya da moda okuluna ba\u015fvurmak i\u00e7in \u00f6nceden haz\u0131rlanman\u0131z gereken baz\u0131 kritik ad\u0131mlar vard\u0131r. Her okulun kabul kriteri farkl\u0131l\u0131k g\u00f6sterebilir ancak genel olarak ba\u015fvuruda \u015fu belgeler talep edilir:<\/p>\n\n\n\n<h3 class=\"wp-block-heading\">Gerekli Belgeler:<\/h3>\n\n\n\n<ul class=\"wp-block-list\">\n<li>Lise diplomas\u0131 (lisans i\u00e7in) \/ Lisans diplomas\u0131 (y\u00fcksek lisans i\u00e7in)<\/li>\n\n\n\n<li>Not d\u00f6k\u00fcm\u00fc (transkript)<\/li>\n\n\n\n<li>Portfolyo (\u00e7izimler, projeler, koleksiyonlar)<\/li>\n\n\n\n<li>Niyet mektubu (motivation letter)<\/li>\n\n\n\n<li>\u0130ngilizce (IELTS\/TOEFL) veya \u0130talyanca yeterlilik belgesi<\/li>\n\n\n\n<li>CV ve varsa \u00f6nceki projeler\/staj belgeleri<\/li>\n<\/ul>\n\n\n\n<h3 class=\"wp-block-heading\">Ba\u015fvuru D\u00f6nemleri:<\/h3>\n\n\n\n<ul class=\"wp-block-list\">\n<li>Genellikle Eyl\u00fcl\/Ekim d\u00f6neminde e\u011fitim ba\u015flar.<\/li>\n\n\n\n<li>Ba\u015fvurular bir \u00f6nceki y\u0131l\u0131n sonlar\u0131ndan itibaren kabul edilmeye ba\u015flan\u0131r.<\/li>\n\n\n\n<li>Erken ba\u015fvuru yapmak, kontenjan avantaj\u0131 ve burs imkanlar\u0131n\u0131 art\u0131r\u0131r.<\/li>\n<\/ul>\n\n\n\n<p>Baz\u0131 okullar yetenek s\u0131nav\u0131 ya da \u00e7evrim i\u00e7i m\u00fclakat da talep edebilir. Bu nedenle ba\u015fvurulardan \u00f6nce profesyonel dan\u0131\u015fmanl\u0131k hizmeti alman\u0131z, s\u00fcreci do\u011fru y\u00f6netmeniz a\u00e7\u0131s\u0131ndan b\u00fcy\u00fck \u00f6nem ta\u015f\u0131r.<\/p>\n\n\n\n<h2 class=\"wp-block-heading\">5. <strong>\u0130talya\u2019da Moda E\u011fitimi Sonras\u0131 Kariyer Olanaklar\u0131<\/strong><\/h2>\n\n\n\n<p>\u0130talya\u2019da e\u011fitim alan \u00f6\u011frenciler, mezun olduktan sonra global moda sekt\u00f6r\u00fcnde \u00f6nemli kap\u0131lar aralar. Bir\u00e7ok okul, \u00f6\u011frencilerini yaln\u0131zca akademik de\u011fil, sekt\u00f6rel olarak da destekler.<\/p>\n\n\n\n<h3 class=\"wp-block-heading\">Kariyer imkanlar\u0131:<\/h3>\n\n\n\n<ul class=\"wp-block-list\">\n<li>Moda tasar\u0131mc\u0131s\u0131<\/li>\n\n\n\n<li>Moda dan\u0131\u015fman\u0131<\/li>\n\n\n\n<li>Stilist<\/li>\n\n\n\n<li>Koleksiyon y\u00f6neticisi<\/li>\n\n\n\n<li>L\u00fcks marka y\u00f6neticisi<\/li>\n\n\n\n<li>Moda foto\u011fraf\u00e7\u0131s\u0131<\/li>\n\n\n\n<li>Moda PR ve ileti\u015fim uzman\u0131<\/li>\n<\/ul>\n\n\n\n<p>\u0130talya&#8217;da mezuniyet sonras\u0131 1 y\u0131ll\u0131k oturum izni alma hakk\u0131, \u00f6\u011frencilere kariyerine Avrupa\u2019da ba\u015flama f\u0131rsat\u0131 sunar. Moda evleriyle i\u015fbirli\u011fi i\u00e7inde ger\u00e7ekle\u015ftirilen stajlar, \u00e7o\u011fu zaman kal\u0131c\u0131 i\u015f tekliflerine d\u00f6n\u00fc\u015f\u00fcr.<\/p>\n","protected":false},"excerpt":{"rendered":"<p>Tasar\u0131m ve modan\u0131n evrensel dili, ku\u015fkusuz \u0130talya\u2019da en zarif ve g\u00fc\u00e7l\u00fc haliyle konu\u015fulur. Floransa&#8217;n\u0131n tarih kokan at\u00f6lyeleri, Milano&#8217;nun podyumlar\u0131, Roma&#8217;n\u0131n zarafeti\u2026 Y\u00fczy\u0131llard\u0131r sanat\u0131, k\u00fclt\u00fcr\u00fc ve estetik anlay\u0131\u015f\u0131yla d\u00fcnyaya y\u00f6n veren bu \u00fclke, tasar\u0131m ve moda e\u011fitimi i\u00e7in bir cazibe merkezidir. Ancak \u0130talya\u2019da moda okumak sadece bir okuldan diploma almak de\u011fildir; bu, ayn\u0131 zamanda bir ya\u015fam [&hellip;]<\/p>\n","protected":false},"author":12,"featured_media":20969,"comment_status":"closed","ping_status":"closed","sticky":false,"template":"","format":"standard","meta":{"footnotes":""},"categories":[1],"tags":[],"_links":{"self":[{"href":"https:\/\/www.truewayist.com\/eski\/wp-json\/wp\/v2\/posts\/20968"}],"collection":[{"href":"https:\/\/www.truewayist.com\/eski\/wp-json\/wp\/v2\/posts"}],"about":[{"href":"https:\/\/www.truewayist.com\/eski\/wp-json\/wp\/v2\/types\/post"}],"author":[{"embeddable":true,"href":"https:\/\/www.truewayist.com\/eski\/wp-json\/wp\/v2\/users\/12"}],"replies":[{"embeddable":true,"href":"https:\/\/www.truewayist.com\/eski\/wp-json\/wp\/v2\/comments?post=20968"}],"version-history":[{"count":1,"href":"https:\/\/www.truewayist.com\/eski\/wp-json\/wp\/v2\/posts\/20968\/revisions"}],"predecessor-version":[{"id":20971,"href":"https:\/\/www.truewayist.com\/eski\/wp-json\/wp\/v2\/posts\/20968\/revisions\/20971"}],"wp:featuredmedia":[{"embeddable":true,"href":"https:\/\/www.truewayist.com\/eski\/wp-json\/wp\/v2\/media\/20969"}],"wp:attachment":[{"href":"https:\/\/www.truewayist.com\/eski\/wp-json\/wp\/v2\/media?parent=20968"}],"wp:term":[{"taxonomy":"category","embeddable":true,"href":"https:\/\/www.truewayist.com\/eski\/wp-json\/wp\/v2\/categories?post=20968"},{"taxonomy":"post_tag","embeddable":true,"href":"https:\/\/www.truewayist.com\/eski\/wp-json\/wp\/v2\/tags?post=20968"}],"curies":[{"name":"wp","href":"https:\/\/api.w.org\/{rel}","templated":true}]}}